{"provider_url": "https://www.rondaalta.rs.leg.br", "title": "CENTELHA DO FOGO SIMB\u00d3LICO CHEGOU \u00c0 RONDA ALTA      ", "html": "<p align=\"left\">Na manh\u00e3 desta quarta-feira, 23, foi realizada na Pra\u00e7a Mose M\u00edssio, a cerim\u00f4nia de recebimento da Centelha do Fogo Simb\u00f3lico da P\u00e1tria.</p>\r\n<p align=\"left\"><span><span><span>A Centelha foi trazida at\u00e9 a Pra\u00e7a por integrantes da Liga de Defesa Nacional, liderados pelo Coronel Ata\u00edde Moraes Rodrigues, e por alunos das escolinhas de v\u00f4lei. </span></span></span></p>\r\n<p align=\"left\"><span><span><span>Para receber a centelha estavam presentes autoridades municipais, dentre elas o Prefeito Marcos Beux, sua esposa, o Vice Jackson Bertochi, Vereador Lucca, representando o legislativo municipal, demais vereadores e secretariado. </span></span></span></p>\r\n<p align=\"left\"><span><span><span>Ap\u00f3s o acendimento da pira, a orquestra entoou o Hino Nacional Brasileiro enquanto ocorria o hasteamento das bandeiras. </span></span></span></p>\r\n<p align=\"left\"><span><span><span>Ainda, as homenagens foram recebidas pelo Sr. Paulo Otacilio dos Santos, representando a etnia cabocla, pela secret\u00e1ria de Assist\u00eancia e Integra\u00e7\u00e3o Social, Sra. Angele Fernandes Queiroz, representando a etnia negra e pelo Cacique Marciano In\u00e1cio Claudino, representando a etnia ind\u00edgena.</span></span></span></p>\r\n<p align=\"left\">\u00a0</p>\r\n<p align=\"left\"><span><span><span><span><span><span><span>Tamb\u00e9m estiveram presentes </span></span></span></span></span></span></span><span><span><span><span><span><span><span>no evento </span></span></span></span></span></span></span><span><span><span><span><span><span><span>professores, diretores e alunos das escolas municipais e estaduais, servidores municipais, </span></span></span></span></span></span></span><span><span><span><span><span><span><span>vereadores e </span></span></span></span></span></span></span><span><span><span><span><span><span><span>representantes da comunidade. </span></span></span></span></span></span></span></p>\r\n<p align=\"left\">\u00a0</p>\r\n<div class=\"acfifjfajpekbmhmjppnmmjgmhjkildl\" id=\"acfifjfajpekbmhmjppnmmjgmhjkildl\"></div>", "author_name": "", "version": "1.0", "author_url": "https://www.rondaalta.rs.leg.br/author/morgana", "provider_name": "C\u00e2mara Municipal Ronda Alta - RS", "type": "rich"}