{"provider_url": "https://www.rondaalta.rs.leg.br", "title": "Casa Legislativa tem Nova Mesa Diretora.", "html": "<p><span>\u00a0</span><span>Na \u00faltima ter\u00e7a-feira, dia 19, a C\u00e2mara de Vereadores realizou a \u00faltima sess\u00e3o plen\u00e1ria ordin\u00e1ria do ano de 2023, oportunidade em que elegeu a Mesa Diretora que conduzir\u00e1 os trabalhos para o ano de 2024.</span></p>\r\n<p>\u00a0<span>As bancadas realizaram suas propostas de chapas para a elei\u00e7\u00e3o da Mesa diretora, e de forma consensual foram eleitos os seguintes vereadores:</span></p>\r\n<p><br /> <i><b>PRESIDENTE \u2013</b></i> SIDNEI NAYSSINHO (BAIXINHO/PT)<br /> <i><b><br /> VICE-PRESIDENTE </b></i>\u2013 VITOR ROQUE CAVAZINI (MDB)<br /> <br /> <i><b>PRIMEIRO SECRET\u00c1RIO </b></i>\u2013 SILVANIO ROQUE LUCCA (LUCCA/PT)<br /> <br /> <i><b>SEGUNDO SECRET\u00c1RIO</b></i> \u2013 EDIVAN LUNARDI (PDT)<br /><br /> A nova mesa iniciar\u00e1 seus trabalhos no dia 01 de fevereiro, ap\u00f3s o recesso da casa legislativa.<br /> <br /> O atual presidente, Kleber Civardi (Galo), parabenizou os novos eleitos, desejando que fa\u00e7am um bom mandato, bem como agradeceu aos colegas pela colabora\u00e7\u00e3o durante o exerc\u00edcio de seu cargo como presidente da mesa, destacando o orgulho que teve em representar o legislativo em diversas oportunidades.</p>\r\n<p>Desejou ainda que a cordialidade possa conduzir os trabalhos no novo ano que vem pela frente.<br /> <br /> O Presidente Eleito, Sidnei Nayssinho (Baixinho PT), destacou que deseja seguir com muitos dos projetos existentes, al\u00e9m de dar continuidade ao processo de moderniza\u00e7\u00e3o da Casa Legislativa. Tamb\u00e9m pediu que todos os colegas sigam mantendo um bom relacionamento e pensando em projetos e recursos que trazem benef\u00edcios para toda a comunidade.<br /> <br /> Desejamos \u00e0 nova mesa diretora muito sucesso na condu\u00e7\u00e3o dos trabalhos no pr\u00f3ximo ano, bem como agradecemos aos que encerram seu mandato nesses cargos pela dedica\u00e7\u00e3o e esfor\u00e7os dispendidos em 2023.</p>\r\n<p>\u00a0</p>", "author_name": "", "version": "1.0", "author_url": "https://www.rondaalta.rs.leg.br/author/morgana", "provider_name": "C\u00e2mara Municipal Ronda Alta - RS", "type": "rich"}