{"provider_url": "https://www.rondaalta.rs.leg.br", "title": "Aux\u00edlio aos pequenos empres\u00e1rios do munic\u00edpio foi objeto de reuni\u00e3o   ", "html": "<p><span>Na tarde dessa quarta-feira dezenas de comerciantes conversaram com o Prefeito Municipal e com os vereadores Juliano Perego (PSB) e Lucimar Zanchet (PDT) para exp\u00f4r as dificuldades que v\u00eam enfrentando em raz\u00e3o de serem obrigados a fechar completamente suas portas. Na oportunidade buscaram apoio as suas reivindica\u00e7\u00f5es, sendo que os vereadores presentes se comprometeram a elaborar uma mo\u00e7\u00e3o de apoio \u00e0 causa.</span></p>\r\n<p><span>Tendo em vista a grave situa\u00e7\u00e3o apresentada pelos pequenos empres\u00e1rios do com\u00e9rcio local, em raz\u00e3o da bandeira preta, o Presidente da Casa Legislativa, Silv\u00e2nio Roque Lucca (PT), o Prefeito Municipal Marcos Miguel Beux e o Secret\u00e1rio Municipal da Fazenda Lucinei Schleder dos Santos, estiveram eu audi\u00eancia na manh\u00e3 dessa quinta-feira.</span></p>\r\n<p>\u00a0<span>O objetivo da reuni\u00e3o foi dialogar sobre suas preocupa\u00e7\u00f5es acerca desses comerciantes e prestadores de servi\u00e7o, que n\u00e3o podem seguir com suas atividades e t\u00eam seu sustento severamente prejudicado. Assim, foram discutidas sugest\u00f5es de prestar aux\u00edlio aos empreendedores e amenizar as consequ\u00eancias geradas pelo avan\u00e7o da pandemia.</span></p>\r\n<p>\u00a0<span>Nesse contexto, Lucca destacou que a C\u00e2mara j\u00e1 est\u00e1 analisando, junto a sua assessoria jur\u00eddica, a possibilidade de realizar uma indica\u00e7\u00e3o prevendo altera\u00e7\u00f5es ou a edi\u00e7\u00e3o de leis municipais propondo aux\u00edlios financeiros aos empres\u00e1rios. Al\u00e9m disso, o Presidente assinalou que, para encontrar uma solu\u00e7\u00e3o efetiva para as circunst\u00e2ncias apresentadas, ser\u00e1 preciso um trabalho conjunto entre os poderes, visando o restabelecimento dos comerciantes e aut\u00f4nomos do munic\u00edpio.</span></p>\r\n<p>Contudo, Silv\u00e2nio mencionou que tamb\u00e9m \u00e9 preciso observar que a luta para combater o coronav\u00edrus \u00e9 uma luta pela vida e, portanto, precisa-se de uma solu\u00e7\u00e3o equilibrada, sem menosprezar o avan\u00e7o da doen\u00e7a nem a necessidade de amparo <br /> \u00e0queles que por meio do empreendedorismo sustentam suas fam\u00edlias.</p>\r\n<p>\u00a0<span>Ainda, o chefe do executivo municipal mencionou que a secretaria da fazenda tamb\u00e9m busca informa\u00e7\u00f5es no mesmo sentido, observando a\u00e7\u00f5es realizadas por outros munic\u00edpios da regi\u00e3o, apoiando a iniciativa do poder legislativo local e se propondo a estudar as solu\u00e7\u00f5es poss\u00edveis para reduzir os impactos da covid-19 no \u00e2mbito do munic\u00edpio de Ronda Alta.</span></p>\r\n<p><span><br /></span></p>\r\n<p><span><br /></span></p>\r\n<p><span>FONTE: ASSESSORIA DE COMUNICA\u00c7\u00c3O</span></p>\r\n<p>\u00a0</p>\r\n<p>\u00a0</p>", "author_name": "", "version": "1.0", "author_url": "https://www.rondaalta.rs.leg.br/author/morgana", "provider_name": "C\u00e2mara Municipal Ronda Alta - RS", "type": "rich"}