{"provider_url": "https://www.rondaalta.rs.leg.br", "title": "Audi\u00eancia P\u00fablica 2025", "html": "<p>\u00a0 \u00a0 \u00a0 \u00a0 \u00a0 \u00a0 \u00a0 \u00a0 \u00a0 \u00a0 \u00a0 \u00a0 \u00a0 \u00a0 \u00a0 \u00a0 \u00a0 \u00a0 \u00a0 \u00a0 \u00a0 \u00a0 \u00a0 \u00a0 \u00a0 \u00a0 \u00a0 \u00a0 \u00a0 \u00a0 \u00a0 \u00a0 \u00a0 \u00a0 \u00a0 \u00a0 \u00a0 \u00a0 \u00a0 \u00a0 \u00a0 \u00a0 \u00a0 \u00a0 \u00a0 \u00a0 \u00a0 \u00a0 \u00a0 \u00a0 \u00a0 \u00a0 \u00a0 \u00a0 \u00a0 \u00a0 \u00a0 \u00a0 \u00a0 \u00a0 \u00a0 \u00a0<strong> \u00a0 EDITAL DE CONVOCA\u00c7\u00c3O</strong></p>\r\n<p style=\"text-align: justify; \">\u00a0 \u00a0 \u00a0 \u00a0 \u00a0 \u00a0 \u00a0 \u00a0 \u00a0 \u00a0 \u00a0 \u00a0 O Poder Executivo em conjunto com o Poder Legislativo do Munic\u00edpio de Ronda Alta - Estado do Rio Grande do Sul, com fundamento na Lei Complementar n\u00ba 101/2000, TORNA P\u00daBLICO para conhecimento dos interessados que estar\u00e1 realizando no dia 28/05/2025, \u00e0s 10:00 horas, no Plen\u00e1rio da C\u00e2mara Municipal, Audi\u00eancia P\u00fablica com vista a apresenta\u00e7\u00e3o do RREO 2\u00ba bimestre de 2025, cumprimento das Metas Fiscais, referente ao 1\u00ba quadrimestre, janeiro a abril de 2025, bem como an\u00e1lise pr\u00e9via do PPA \u2013 Plano Plurianual 2026/2029. GABINETE DO PREFEITO MUNICIPAL DE RONDA ALTA-RS, EM 21 DE MAIO DE 2025.</p>", "author_name": "", "version": "1.0", "author_url": "https://www.rondaalta.rs.leg.br/author/djmanfrin", "provider_name": "C\u00e2mara Municipal Ronda Alta - RS", "type": "rich"}