{"provider_url": "https://www.rondaalta.rs.leg.br", "title": "ATRA receber\u00e1 100 mil em emenda do Deputado Bohn Gass  ", "html": "<p><span>Mais uma vez o Deputado Federal Elvino Bohn Gass esteve em Ronda Alta para trazer a confirma\u00e7\u00e3o do encaminhamento de recursos.</span></p>\r\n<p>Dessa vez o Hospital dos Trabalhadores de Ronda Alta ser\u00e1 contemplado com uma emenda de 100 mil reais para investimento, recurso intermediado pelo vereador Mauro Tadeu Tonin.</p>\r\n<p>O Deputado destacou que se sente privilegiado em poder auxiliar uma institui\u00e7\u00e3o que j\u00e1 acompanha h\u00e1 muitas d\u00e9cadas e sabe dos excelentes trabalhos prestados a comunidade local e regional. Tamb\u00e9m se colocou a disposi\u00e7\u00e3o para seguir auxiliando no que for necess\u00e1rio.</p>\r\n<p>A Presidenta da ATRA \u2013 Maril\u00e9ia Oro \u2013 disse que esses valores ser\u00e3o muito importantes para investir na melhoria dos atendimentos da comunidade rondaltense e de todos os munic\u00edpios que possuem conv\u00eanios. Ainda, \u00a0Maril\u00e9ia agradeceu a intermedia\u00e7\u00e3o do Vereador Mauro que alcan\u00e7ou importante recurso junto ao Deputado Bohn Gass.</p>\r\n<p>Ademais, o Vereador Mauro Tonin agradeceu ao Deputado por ter acatado a solicita\u00e7\u00e3o para suprir a demanda da comunidade e se colocou a disposi\u00e7\u00e3o para realizar a intermedia\u00e7\u00e3o do gabinete junto ao munic\u00edpio.</p>\r\n<p>O diretor do Hospital, Severino Balbinot, tamb\u00e9m agradeceu ao Deputado e ao Vereador e destacou que os valores ser\u00e3o destinados \u00e0 compra de equipamentos para o centro de diagn\u00f3stico e ap\u00f3s haver\u00e1 uma presta\u00e7\u00e3o de contas detalhada ap\u00f3s, pois a institui\u00e7\u00e3o prima pela transpar\u00eancia no uso dos recursos p\u00fablicos.</p>", "author_name": "", "version": "1.0", "author_url": "https://www.rondaalta.rs.leg.br/author/morgana", "provider_name": "C\u00e2mara Municipal Ronda Alta - RS", "type": "rich"}