{"provider_url": "https://www.rondaalta.rs.leg.br", "title": "18\u00aa Sess\u00e3o Plen\u00e1ria Ordin\u00e1ria", "html": "<p align=\"justify\"><span><span><span><span>Na \u00faltima ter\u00e7a-feira, 1</span></span><span>4</span>.07.2020, com in\u00edcio \u00e0s dezenove horas (19:00), na sala de trabalhos, no edif\u00edcio da Prefeitura Municipal de Ronda Alta, Estado do Rio Grande do Sul, a C\u00e2mara Municipal realizou a 18\u00aa (d\u00e9cima oitava) sess\u00e3o plen\u00e1ria ordin\u00e1ria do ano de 2020, da 4\u00aa (quarta) Sess\u00e3o Legislativa, da 13\u00aa (d\u00e9cima terceira) Legislatura, presidida pelo presidente, vereador Ant\u00e3o Lindomar Pavoski, secretariada pelo 1\u00ba secret\u00e1rio, vereador Luiz Antonio Gadini e da qual tamb\u00e9m participaram os vereadores: Carlos Roberto Gavioli, Jos\u00e9 Fontana, Maria Loreci Caus, Moacir Orbak, Sidnei Nayssinho, Silvanio Roque Lucca e Vitor Roque Cavazini. </span></span></p>\r\n<p align=\"justify\"><span><span>De in\u00edcio, constatada a exist\u00eancia de n\u00famero regimental de vereadores no plen\u00e1rio, o presidente invocou a prote\u00e7\u00e3o de Deus e declarou aberta a sess\u00e3o plen\u00e1ria ordin\u00e1ria. Colocou em aprecia\u00e7\u00e3o a ata n\u00ba. 017/2020, referente \u00e0 sess\u00e3o plen\u00e1ria ordin\u00e1ria realizada no dia 30 de junho, que, ap\u00f3s lida e oportunizada sua discuss\u00e3o, foi aprovada por unanimidade e sem ressalvas. </span></span></p>\r\n<p align=\"justify\"><a name=\"__DdeLink__489_955635898\"></a><a name=\"__DdeLink__365_6034399001\"></a><a name=\"__DdeLink__1942_2207497211\"></a> <span><span><span>No expediente constaram as leituras das seguintes mat\u00e9rias: </span><span><span>Projeto de Lei do Executivo n\u00ba. 022, de 10 de julho de 2020, que \u201cConvalida as medidas disciplinadas nos Decretos Municipais n\u00bas. </span></span><span><span><span>1.836/2020; 1.838/2020; 1.840/2020; </span></span></span><span><span><span><span>1.846/2020; 1.847/2020; 1.854/2020, e 1.855/2020</span></span></span></span><span><span><span> </span></span></span><span><span>e d\u00e1 outras provid\u00eancias\u201d; </span></span><span>Projeto de Lei do Executivo n\u00ba. 024, de 06 de julho de 2020, que \u201cDisp\u00f5e sobre a cobran\u00e7a de Contribui\u00e7\u00e3o de Melhoria na execu\u00e7\u00e3o de obras p\u00fablicas que enumera e d\u00e1 outras provid\u00eancias\u201d; Projeto de Lei do Executivo n\u00ba. 025, de 06 de julho de 2020, que \u201cDisp\u00f5e sobre a cobran\u00e7a de Contribui\u00e7\u00e3o de Melhoria na execu\u00e7\u00e3o de obras p\u00fablicas que enumera e d\u00e1 outras provid\u00eancias\u201d e Projeto de Lei do Executivo n\u00ba. 026, de 10 de julho de 2020, que \u201cInclui programa no PPA, na LDO, abre cr\u00e9ditos especiais e aponta recursos no or\u00e7amento municipal\u201d. </span></span></span></p>\r\n<p align=\"justify\"><span><span><span>N\u00e3o houve </span><span>grande expediente</span><span>. </span></span></span></p>\r\n<p align=\"justify\"><span><span><span>Para o Programa Informativo, na R\u00e1dio Comunit\u00e1ria Navegantes, do dia 18 de julho, das 11:15 \u00e0s 11:35 horas, o espa\u00e7o radiof\u00f4nico estar\u00e1 \u00e0 disposi\u00e7\u00e3o dos vereadores Jos\u00e9 Fontana e Silvanio Roque Lucca. </span></span></span></p>\r\n<p align=\"justify\"><a name=\"__DdeLink__365_60343990011\"></a> <span><span><span>Na ordem do dia foi a</span><span>preciado e aprovado por unanimidade o Projeto </span><span>de Lei do Executivo n\u00ba. 023, de 26 de junho de 2020, que \u201cInclui programa no PPA, na LDO, abre cr\u00e9ditos especiais e aponta recursos no or\u00e7amento municipal\u201d. Tamb\u00e9m, via acordo de bancadas em plen\u00e1rio, dada a tramita\u00e7\u00e3o em regime de urg\u00eancia das mat\u00e9rias, pautados, apreciados e aprovados por unanimidade os Projetos de Leis do Executivo de n\u00fameros </span><span><span>022, de 10 de julho de 2020, que \u201cConvalida as medidas disciplinadas nos Decretos Municipais n\u00bas. </span></span><span><span><span>1.836/2020; 1.838/2020; 1.840/2020; </span></span></span><span><span><span><span>1.846/2020; 1.847/2020; 1.854/2020, e 1.855/2020</span></span></span></span><span><span><span> </span></span></span><span><span>e d\u00e1 outras provid\u00eancias\u201d e</span></span><span> 026, de 10 de julho de 2020, que \u201cInclui programa no PPA, na LDO, abre cr\u00e9ditos especiais e aponta recursos no or\u00e7amento municipal\u201d. </span></span></span></p>\r\n<p align=\"justify\"><span><span><b>Outros assuntos importantes tais como a d</b><span>eliber</span><span>a\u00e7\u00e3o, </span><span>de forma consensual, a partir do dia 21 de julho e por tempo indeterminado, em atendimento ao Decreto Municipal n\u00ba. 1.855, de 06 de julho de 2020, que estabelece, em raz\u00e3o da pandemia do Coronav\u00edrus Covid 19, \u201ctoque de recolher\u201d a partir das 19:30 horas; a antecipa\u00e7\u00e3o dos trabalhos das sess\u00f5es plen\u00e1rias ordin\u00e1rias para as 18:00 horas. </span></span></span></p>\r\n<p align=\"justify\"><span><span>Por fim, nada mais havendo a tratar, o presidente agradeceu \u00e0 presen\u00e7a e a colabora\u00e7\u00e3o dos seus pares e os convocou para a pr\u00f3xima sess\u00e3o plen\u00e1ria ordin\u00e1ria, a ser realizada no dia 21 de julho, no seu local de costume, \u00e0s 18:00 horas. Encerrou os trabalhos e solicitou que o resumo do seu andamento constasse em ata que foi aprovada e assinada. </span></span></p>", "author_name": "", "version": "1.0", "author_url": "https://www.rondaalta.rs.leg.br/author/morgana", "provider_name": "C\u00e2mara Municipal Ronda Alta - RS", "type": "rich"}